{"id":7582,"date":"2024-09-12T10:52:09","date_gmt":"2024-09-12T15:52:09","guid":{"rendered":"https:\/\/blog.tulumfromskyrealtors.com\/?p=7582"},"modified":"2024-09-17T10:21:58","modified_gmt":"2024-09-17T15:21:58","slug":"los-cabos-2024-de-paraiso-vacacional-a-refugio-de-inversores-inmobiliarios","status":"publish","type":"post","link":"https:\/\/blog.tulumfromskyrealtors.com\/en\/los-cabos-2024-de-paraiso-vacacional-a-refugio-de-inversores-inmobiliarios\/","title":{"rendered":"Los Cabos 2024: De Para\u00edso Vacacional a Refugio de Inversores Inmobiliarios"},"content":{"rendered":"<div data-elementor-type=\"wp-post\" data-elementor-id=\"7582\" class=\"elementor elementor-7582\" data-elementor-post-type=\"post\">\n\t\t\t\t\t\t<section class=\"elementor-section elementor-top-section elementor-element elementor-element-75b3e6ce elementor-section-boxed elementor-section-height-default elementor-section-height-default\" data-id=\"75b3e6ce\" data-element_type=\"section\">\n\t\t\t\t\t\t<div class=\"elementor-container elementor-column-gap-default\">\n\t\t\t\t\t<div class=\"elementor-column elementor-col-100 elementor-top-column elementor-element elementor-element-5bfc9a16\" data-id=\"5bfc9a16\" data-element_type=\"column\">\n\t\t\t<div class=\"elementor-widget-wrap elementor-element-populated\">\n\t\t\t\t\t\t<div class=\"elementor-element elementor-element-e5937d5 elementor-widget elementor-widget-text-editor\" data-id=\"e5937d5\" data-element_type=\"widget\" data-widget_type=\"text-editor.default\">\n\t\t\t\t<div class=\"elementor-widget-container\">\n\t\t\t<style>\/*! elementor - v3.23.0 - 05-08-2024 *\/\n.elementor-widget-text-editor.elementor-drop-cap-view-stacked .elementor-drop-cap{background-color:#69727d;color:#fff}.elementor-widget-text-editor.elementor-drop-cap-view-framed .elementor-drop-cap{color:#69727d;border:3px solid;background-color:transparent}.elementor-widget-text-editor:not(.elementor-drop-cap-view-default) .elementor-drop-cap{margin-top:8px}.elementor-widget-text-editor:not(.elementor-drop-cap-view-default) .elementor-drop-cap-letter{width:1em;height:1em}.elementor-widget-text-editor .elementor-drop-cap{float:left;text-align:center;line-height:1;font-size:50px}.elementor-widget-text-editor .elementor-drop-cap-letter{display:inline-block}<\/style>\t\t\t\t<p><span style=\"font-weight: 400;\">En los \u00faltimos a\u00f1os, <\/span><b>Los Cabos<\/b><span style=\"font-weight: 400;\"> ha pasado de ser un destino vacacional exclusivo a convertirse en un im\u00e1n para los inversores inmobiliarios. Este 2024, la regi\u00f3n se consolida como uno de los lugares m\u00e1s atractivos para aquellos que buscan maximizar sus inversiones en bienes ra\u00edces, gracias a su combinaci\u00f3n \u00fanica de paisajes de ensue\u00f1o, infraestructura moderna y una creciente demanda tur\u00edstica.<\/span><\/p>\t\t\t\t\t\t<\/div>\n\t\t\t\t<\/div>\n\t\t\t\t<div class=\"elementor-element elementor-element-c5b50f7 elementor-widget elementor-widget-text-editor\" data-id=\"c5b50f7\" data-element_type=\"widget\" data-widget_type=\"text-editor.default\">\n\t\t\t\t<div class=\"elementor-widget-container\">\n\t\t\t\t\t\t\t<p><b>Crecimiento tur\u00edstico y demanda en auge<\/b><\/p><p><span style=\"font-weight: 400;\">Los Cabos ha sido durante d\u00e9cadas un destino favorito para los viajeros que buscan sol, playa y lujo. Sin embargo, la regi\u00f3n no solo ha mantenido su atractivo tur\u00edstico, sino que lo ha ampliado con una oferta de eventos internacionales, campos de golf de renombre y una vibrante vida nocturna. Este auge tur\u00edstico ha impulsado directamente la demanda de propiedades residenciales y vacacionales, creando una oportunidad \u00fanica para los inversores que buscan obtener altos rendimientos en un mercado en crecimiento.<\/span><\/p>\t\t\t\t\t\t<\/div>\n\t\t\t\t<\/div>\n\t\t\t\t<div class=\"elementor-element elementor-element-fc2ff75 elementor-widget elementor-widget-image\" data-id=\"fc2ff75\" data-element_type=\"widget\" data-widget_type=\"image.default\">\n\t\t\t\t<div class=\"elementor-widget-container\">\n\t\t\t<style>\/*! elementor - v3.23.0 - 05-08-2024 *\/\n.elementor-widget-image{text-align:center}.elementor-widget-image a{display:inline-block}.elementor-widget-image a img[src$=\".svg\"]{width:48px}.elementor-widget-image img{vertical-align:middle;display:inline-block}<\/style>\t\t\t\t\t\t\t\t\t\t<img fetchpriority=\"high\" decoding=\"async\" width=\"1320\" height=\"884\" src=\"https:\/\/blog.tulumfromskyrealtors.com\/wp-content\/uploads\/2024\/09\/depas-cabos-web-recamara-2.png\" class=\"attachment-full size-full wp-image-7589\" alt=\"\" srcset=\"https:\/\/blog.tulumfromskyrealtors.com\/wp-content\/uploads\/2024\/09\/depas-cabos-web-recamara-2.png 1320w, https:\/\/blog.tulumfromskyrealtors.com\/wp-content\/uploads\/2024\/09\/depas-cabos-web-recamara-2-300x201.png 300w, https:\/\/blog.tulumfromskyrealtors.com\/wp-content\/uploads\/2024\/09\/depas-cabos-web-recamara-2-1024x686.png 1024w, https:\/\/blog.tulumfromskyrealtors.com\/wp-content\/uploads\/2024\/09\/depas-cabos-web-recamara-2-768x514.png 768w, https:\/\/blog.tulumfromskyrealtors.com\/wp-content\/uploads\/2024\/09\/depas-cabos-web-recamara-2-18x12.png 18w\" sizes=\"(max-width: 1320px) 100vw, 1320px\" \/>\t\t\t\t\t\t\t\t\t\t\t\t\t<\/div>\n\t\t\t\t<\/div>\n\t\t\t\t<div class=\"elementor-element elementor-element-3de1907 elementor-widget elementor-widget-text-editor\" data-id=\"3de1907\" data-element_type=\"widget\" data-widget_type=\"text-editor.default\">\n\t\t\t\t<div class=\"elementor-widget-container\">\n\t\t\t\t\t\t\t<p><b>Plusval\u00eda y apreciaci\u00f3n del mercado inmobiliario<\/b><\/p><p><span style=\"font-weight: 400;\">El mercado inmobiliario en Los Cabos ha experimentado una apreciaci\u00f3n sostenida en los \u00faltimos a\u00f1os. Las propiedades, tanto de lujo como de nivel medio, han visto un aumento considerable en su valor. En 2024, este crecimiento contin\u00faa impulsado por la estabilidad econ\u00f3mica de la regi\u00f3n, las mejoras en infraestructura y la constante llegada de nuevos residentes e inversores, tanto nacionales como internacionales. La plusval\u00eda se ha convertido en uno de los principales atractivos para aquellos que buscan diversificar sus portafolios con propiedades en destinos de alto perfil.<\/span><\/p>\t\t\t\t\t\t<\/div>\n\t\t\t\t<\/div>\n\t\t\t\t<div class=\"elementor-element elementor-element-3dc005a elementor-widget elementor-widget-image\" data-id=\"3dc005a\" data-element_type=\"widget\" data-widget_type=\"image.default\">\n\t\t\t\t<div class=\"elementor-widget-container\">\n\t\t\t\t\t\t\t\t\t\t\t\t\t<img decoding=\"async\" width=\"2160\" height=\"1130\" src=\"https:\/\/blog.tulumfromskyrealtors.com\/wp-content\/uploads\/2024\/09\/CAMPO-DE-GOLF.jpeg\" class=\"attachment-full size-full wp-image-7592\" alt=\"\" srcset=\"https:\/\/blog.tulumfromskyrealtors.com\/wp-content\/uploads\/2024\/09\/CAMPO-DE-GOLF.jpeg 2160w, https:\/\/blog.tulumfromskyrealtors.com\/wp-content\/uploads\/2024\/09\/CAMPO-DE-GOLF-300x157.jpeg 300w, https:\/\/blog.tulumfromskyrealtors.com\/wp-content\/uploads\/2024\/09\/CAMPO-DE-GOLF-1024x536.jpeg 1024w, https:\/\/blog.tulumfromskyrealtors.com\/wp-content\/uploads\/2024\/09\/CAMPO-DE-GOLF-768x402.jpeg 768w, https:\/\/blog.tulumfromskyrealtors.com\/wp-content\/uploads\/2024\/09\/CAMPO-DE-GOLF-1536x804.jpeg 1536w, https:\/\/blog.tulumfromskyrealtors.com\/wp-content\/uploads\/2024\/09\/CAMPO-DE-GOLF-2048x1071.jpeg 2048w, https:\/\/blog.tulumfromskyrealtors.com\/wp-content\/uploads\/2024\/09\/CAMPO-DE-GOLF-18x9.jpeg 18w\" sizes=\"(max-width: 2160px) 100vw, 2160px\" \/>\t\t\t\t\t\t\t\t\t\t\t\t\t<\/div>\n\t\t\t\t<\/div>\n\t\t\t\t<div class=\"elementor-element elementor-element-1387fb2 elementor-widget elementor-widget-text-editor\" data-id=\"1387fb2\" data-element_type=\"widget\" data-widget_type=\"text-editor.default\">\n\t\t\t\t<div class=\"elementor-widget-container\">\n\t\t\t\t\t\t\t<p><b>Infraestructura y calidad de vida<\/b><\/p>\n<p><span style=\"font-weight: 400;\">El gobierno local ha invertido significativamente en mejorar la infraestructura de Los Cabos, incluyendo nuevos desarrollos residenciales, centros comerciales, hospitales de primer nivel y carreteras. Estos avances, junto con el atractivo de un estilo de vida relajado pero lujoso, han convertido a Los Cabos en un lugar deseado no solo para vacacionar, sino tambi\u00e9n para vivir e invertir. El crecimiento continuo de la zona est\u00e1 generando una sinergia entre el turismo y el sector inmobiliario, brindando a los inversores m\u00faltiples oportunidades de negocio.<\/span><\/p><p><span style=\"font-weight: 400;\"><br><\/span><\/p>\n<p><b>Conclusi\u00f3n<\/b><\/p>\n<p><span style=\"font-weight: 400;\">En 2024, Los Cabos sigue siendo mucho m\u00e1s que un para\u00edso vacacional. Su transformaci\u00f3n en un refugio seguro para inversores inmobiliarios ha creado un mercado lleno de oportunidades. Aquellos que buscan un destino con una combinaci\u00f3n perfecta de rentabilidad, lujo y calidad de vida encontrar\u00e1n en Los Cabos el lugar ideal para su pr\u00f3xima inversi\u00f3n.<\/span><\/p>\t\t\t\t\t\t<\/div>\n\t\t\t\t<\/div>\n\t\t\t\t<div class=\"elementor-element elementor-element-e86ff69 elementor-widget elementor-widget-image\" data-id=\"e86ff69\" data-element_type=\"widget\" data-widget_type=\"image.default\">\n\t\t\t\t<div class=\"elementor-widget-container\">\n\t\t\t\t\t\t\t\t\t\t\t\t\t<img decoding=\"async\" width=\"1320\" height=\"884\" src=\"https:\/\/blog.tulumfromskyrealtors.com\/wp-content\/uploads\/2024\/09\/Residencial-Cabos.png\" class=\"attachment-full size-full wp-image-7591\" alt=\"\" srcset=\"https:\/\/blog.tulumfromskyrealtors.com\/wp-content\/uploads\/2024\/09\/Residencial-Cabos.png 1320w, https:\/\/blog.tulumfromskyrealtors.com\/wp-content\/uploads\/2024\/09\/Residencial-Cabos-300x201.png 300w, https:\/\/blog.tulumfromskyrealtors.com\/wp-content\/uploads\/2024\/09\/Residencial-Cabos-1024x686.png 1024w, https:\/\/blog.tulumfromskyrealtors.com\/wp-content\/uploads\/2024\/09\/Residencial-Cabos-768x514.png 768w, https:\/\/blog.tulumfromskyrealtors.com\/wp-content\/uploads\/2024\/09\/Residencial-Cabos-18x12.png 18w\" sizes=\"(max-width: 1320px) 100vw, 1320px\" \/>\t\t\t\t\t\t\t\t\t\t\t\t\t<\/div>\n\t\t\t\t<\/div>\n\t\t\t\t<div class=\"elementor-element elementor-element-7c8000d bdt-ss-btns-view-icon-text bdt-ss-btns-style-flat bdt-ss-btns-shape-square bdt-ss-btns-color-original elementor-widget elementor-widget-global elementor-global-4670 elementor-widget-bdt-social-share\" data-id=\"7c8000d\" data-element_type=\"widget\" data-widget_type=\"bdt-social-share.default\">\n\t\t\t\t<div class=\"elementor-widget-container\">\n\t\t\t\t\t<div class=\"bdt-social-share bdt-ep-grid\">\n\t\t\t\t\t\t\t<div class=\"bdt-social-share-item bdt-ep-grid-item\">\n\t\t\t\t\t<div class=\"bdt-ss-btn bdt-ss-whatsapp\" data-social=\"whatsapp\">\n\t\t\t\t\t\t\t\t\t\t\t\t\t<span class=\"bdt-ss-icon\">\n\t\t\t\t\t\t\t\t<i class=\"ep-icon-whatsapp\"><\/i>\n\t\t\t\t\t\t\t<\/span>\n\t\t\t\t\t\t\t\t\t\t\t\t\t\t\t\t\t\t\t<div class=\"bdt-social-share-text bdt-inline\">\n\t\t\t\t\t\t\t\t\t\t\t\t\t\t\t\t\t<span class=\"bdt-social-share-title\">\n\t\t\t\t\t\t\t\t\t\tWhatsApp\t\t\t\t\t\t\t\t\t<\/span>\n\t\t\t\t\t\t\t\t\t\t\t\t\t\t\t\t\t\t\t\t\t\t\t<\/div>\n\t\t\t\t\t\t\t\t\t\t\t<\/div>\n\t\t\t\t<\/div>\n\t\t\t\t\t\t\t\t<div class=\"bdt-social-share-item bdt-ep-grid-item\">\n\t\t\t\t\t<div class=\"bdt-ss-btn bdt-ss-facebook\" data-social=\"facebook\">\n\t\t\t\t\t\t\t\t\t\t\t\t\t<span class=\"bdt-ss-icon\">\n\t\t\t\t\t\t\t\t<i class=\"ep-icon-facebook\"><\/i>\n\t\t\t\t\t\t\t<\/span>\n\t\t\t\t\t\t\t\t\t\t\t\t\t\t\t\t\t\t\t<div class=\"bdt-social-share-text bdt-inline\">\n\t\t\t\t\t\t\t\t\t\t\t\t\t\t\t\t\t<span class=\"bdt-social-share-title\">\n\t\t\t\t\t\t\t\t\t\tFacebook\t\t\t\t\t\t\t\t\t<\/span>\n\t\t\t\t\t\t\t\t\t\t\t\t\t\t\t\t\t\t\t\t\t\t\t<\/div>\n\t\t\t\t\t\t\t\t\t\t\t<\/div>\n\t\t\t\t<\/div>\n\t\t\t\t\t\t\t\t<div class=\"bdt-social-share-item bdt-ep-grid-item\">\n\t\t\t\t\t<div class=\"bdt-ss-btn bdt-ss-linkedin\" data-social=\"linkedin\">\n\t\t\t\t\t\t\t\t\t\t\t\t\t<span class=\"bdt-ss-icon\">\n\t\t\t\t\t\t\t\t<i class=\"ep-icon-linkedin\"><\/i>\n\t\t\t\t\t\t\t<\/span>\n\t\t\t\t\t\t\t\t\t\t\t\t\t\t\t\t\t\t\t<div class=\"bdt-social-share-text bdt-inline\">\n\t\t\t\t\t\t\t\t\t\t\t\t\t\t\t\t\t<span class=\"bdt-social-share-title\">\n\t\t\t\t\t\t\t\t\t\tLinkedin\t\t\t\t\t\t\t\t\t<\/span>\n\t\t\t\t\t\t\t\t\t\t\t\t\t\t\t\t\t\t\t\t\t\t\t<\/div>\n\t\t\t\t\t\t\t\t\t\t\t<\/div>\n\t\t\t\t<\/div>\n\t\t\t\t\t\t\t\t<div class=\"bdt-social-share-item bdt-ep-grid-item\">\n\t\t\t\t\t<div class=\"bdt-ss-btn bdt-ss-twitter\" data-social=\"twitter\">\n\t\t\t\t\t\t\t\t\t\t\t\t\t<span class=\"bdt-ss-icon\">\n\t\t\t\t\t\t\t\t<i class=\"ep-icon-twitter\"><\/i>\n\t\t\t\t\t\t\t<\/span>\n\t\t\t\t\t\t\t\t\t\t\t\t\t\t\t\t\t\t\t<div class=\"bdt-social-share-text bdt-inline\">\n\t\t\t\t\t\t\t\t\t\t\t\t\t\t\t\t\t<span class=\"bdt-social-share-title\">\n\t\t\t\t\t\t\t\t\t\tTwitter\t\t\t\t\t\t\t\t\t<\/span>\n\t\t\t\t\t\t\t\t\t\t\t\t\t\t\t\t\t\t\t\t\t\t\t<\/div>\n\t\t\t\t\t\t\t\t\t\t\t<\/div>\n\t\t\t\t<\/div>\n\t\t\t\t\t\t<\/div>\n\n\t\t\n\t\t\t\t<\/div>\n\t\t\t\t<\/div>\n\t\t\t\t\t<\/div>\n\t\t<\/div>\n\t\t\t\t\t<\/div>\n\t\t<\/section>\n\t\t\t\t<section class=\"elementor-section elementor-top-section elementor-element elementor-element-3f0c2ad elementor-section-boxed elementor-section-height-default elementor-section-height-default\" data-id=\"3f0c2ad\" data-element_type=\"section\">\n\t\t\t\t\t\t<div class=\"elementor-container elementor-column-gap-default\">\n\t\t\t\t\t<div class=\"elementor-column elementor-col-100 elementor-top-column elementor-element elementor-element-db198d7\" data-id=\"db198d7\" data-element_type=\"column\">\n\t\t\t<div class=\"elementor-widget-wrap elementor-element-populated\">\n\t\t\t\t\t\t\t<\/div>\n\t\t<\/div>\n\t\t\t\t\t<\/div>\n\t\t<\/section>\n\t\t\t\t<\/div>","protected":false},"excerpt":{"rendered":"<p>En los \u00faltimos a\u00f1os, Los Cabos ha pasado de ser un destino vacacional exclusivo a convertirse en un im\u00e1n para los inversores inmobiliarios. Este 2024, la regi\u00f3n se consolida como uno de los lugares m\u00e1s atractivos para aquellos que buscan maximizar sus inversiones en bienes ra\u00edces, gracias a su combinaci\u00f3n \u00fanica de paisajes de ensue\u00f1o, [&hellip;]<\/p>","protected":false},"author":3,"featured_media":7584,"comment_status":"open","ping_status":"open","sticky":false,"template":"","format":"standard","meta":{"inline_featured_image":false,"site-sidebar-layout":"right-sidebar","site-content-layout":"","ast-site-content-layout":"default","site-content-style":"default","site-sidebar-style":"default","ast-global-header-display":"","ast-banner-title-visibility":"","ast-main-header-display":"","ast-hfb-above-header-display":"","ast-hfb-below-header-display":"","ast-hfb-mobile-header-display":"","site-post-title":"","ast-breadcrumbs-content":"","ast-featured-img":"","footer-sml-layout":"","theme-transparent-header-meta":"","adv-header-id-meta":"","stick-header-meta":"","header-above-stick-meta":"","header-main-stick-meta":"","header-below-stick-meta":"","astra-migrate-meta-layouts":"set","ast-page-background-enabled":"default","ast-page-background-meta":{"desktop":{"background-color":"var(--ast-global-color-4)","background-image":"","background-repeat":"repeat","background-position":"center center","background-size":"auto","background-attachment":"scroll","background-type":"","background-media":"","overlay-type":"","overlay-color":"","overlay-opacity":"","overlay-gradient":""},"tablet":{"background-color":"","background-image":"","background-repeat":"repeat","background-position":"center center","background-size":"auto","background-attachment":"scroll","background-type":"","background-media":"","overlay-type":"","overlay-color":"","overlay-opacity":"","overlay-gradient":""},"mobile":{"background-color":"","background-image":"","background-repeat":"repeat","background-position":"center center","background-size":"auto","background-attachment":"scroll","background-type":"","background-media":"","overlay-type":"","overlay-color":"","overlay-opacity":"","overlay-gradient":""}},"ast-content-background-meta":{"desktop":{"background-color":"var(--ast-global-color-5)","background-image":"","background-repeat":"repeat","background-position":"center center","background-size":"auto","background-attachment":"scroll","background-type":"","background-media":"","overlay-type":"","overlay-color":"","overlay-opacity":"","overlay-gradient":""},"tablet":{"background-color":"var(--ast-global-color-5)","background-image":"","background-repeat":"repeat","background-position":"center center","background-size":"auto","background-attachment":"scroll","background-type":"","background-media":"","overlay-type":"","overlay-color":"","overlay-opacity":"","overlay-gradient":""},"mobile":{"background-color":"var(--ast-global-color-5)","background-image":"","background-repeat":"repeat","background-position":"center center","background-size":"auto","background-attachment":"scroll","background-type":"","background-media":"","overlay-type":"","overlay-color":"","overlay-opacity":"","overlay-gradient":""}},"footnotes":""},"categories":[11],"tags":[],"class_list":["post-7582","post","type-post","status-publish","format-standard","has-post-thumbnail","hentry","category-los-cabos"],"aioseo_notices":[],"featured_image_src":"https:\/\/blog.tulumfromskyrealtors.com\/wp-content\/uploads\/2024\/09\/ARCO-DE-LOS-CABOS-scaled.jpeg","categories_names":["Los Cabos"],"comments_count":0,"_links":{"self":[{"href":"https:\/\/blog.tulumfromskyrealtors.com\/en\/wp-json\/wp\/v2\/posts\/7582","targetHints":{"allow":["GET"]}}],"collection":[{"href":"https:\/\/blog.tulumfromskyrealtors.com\/en\/wp-json\/wp\/v2\/posts"}],"about":[{"href":"https:\/\/blog.tulumfromskyrealtors.com\/en\/wp-json\/wp\/v2\/types\/post"}],"author":[{"embeddable":true,"href":"https:\/\/blog.tulumfromskyrealtors.com\/en\/wp-json\/wp\/v2\/users\/3"}],"replies":[{"embeddable":true,"href":"https:\/\/blog.tulumfromskyrealtors.com\/en\/wp-json\/wp\/v2\/comments?post=7582"}],"version-history":[{"count":10,"href":"https:\/\/blog.tulumfromskyrealtors.com\/en\/wp-json\/wp\/v2\/posts\/7582\/revisions"}],"predecessor-version":[{"id":7600,"href":"https:\/\/blog.tulumfromskyrealtors.com\/en\/wp-json\/wp\/v2\/posts\/7582\/revisions\/7600"}],"wp:featuredmedia":[{"embeddable":true,"href":"https:\/\/blog.tulumfromskyrealtors.com\/en\/wp-json\/wp\/v2\/media\/7584"}],"wp:attachment":[{"href":"https:\/\/blog.tulumfromskyrealtors.com\/en\/wp-json\/wp\/v2\/media?parent=7582"}],"wp:term":[{"taxonomy":"category","embeddable":true,"href":"https:\/\/blog.tulumfromskyrealtors.com\/en\/wp-json\/wp\/v2\/categories?post=7582"},{"taxonomy":"post_tag","embeddable":true,"href":"https:\/\/blog.tulumfromskyrealtors.com\/en\/wp-json\/wp\/v2\/tags?post=7582"}],"curies":[{"name":"wp","href":"https:\/\/api.w.org\/{rel}","templated":true}]}}