{"id":7823,"date":"2025-01-25T08:00:00","date_gmt":"2025-01-25T13:00:00","guid":{"rendered":"https:\/\/blog.tulumfromskyrealtors.com\/?p=7823"},"modified":"2025-01-22T11:20:10","modified_gmt":"2025-01-22T16:20:10","slug":"puerto-vallarta-2025-como-las-rentas-vacacionales-estan-transformando-el-mercado-inmobiliario","status":"publish","type":"post","link":"https:\/\/blog.tulumfromskyrealtors.com\/en\/puerto-vallarta-2025-como-las-rentas-vacacionales-estan-transformando-el-mercado-inmobiliario\/","title":{"rendered":"Puerto Vallarta 2025: C\u00f3mo las Rentas Vacacionales Est\u00e1n Transformando el Mercado Inmobiliario"},"content":{"rendered":"<div data-elementor-type=\"wp-post\" data-elementor-id=\"7823\" class=\"elementor elementor-7823\" data-elementor-post-type=\"post\">\n\t\t\t\t\t\t<section class=\"elementor-section elementor-top-section elementor-element elementor-element-19761c38 elementor-section-boxed elementor-section-height-default elementor-section-height-default\" data-id=\"19761c38\" data-element_type=\"section\">\n\t\t\t\t\t\t<div class=\"elementor-container elementor-column-gap-default\">\n\t\t\t\t\t<div class=\"elementor-column elementor-col-100 elementor-top-column elementor-element elementor-element-693e7d02\" data-id=\"693e7d02\" data-element_type=\"column\">\n\t\t\t<div class=\"elementor-widget-wrap elementor-element-populated\">\n\t\t\t\t\t\t<div class=\"elementor-element elementor-element-7b78287a elementor-widget elementor-widget-text-editor\" data-id=\"7b78287a\" data-element_type=\"widget\" data-widget_type=\"text-editor.default\">\n\t\t\t\t<div class=\"elementor-widget-container\">\n\t\t\t<style>\/*! elementor - v3.23.0 - 05-08-2024 *\/\n.elementor-widget-text-editor.elementor-drop-cap-view-stacked .elementor-drop-cap{background-color:#69727d;color:#fff}.elementor-widget-text-editor.elementor-drop-cap-view-framed .elementor-drop-cap{color:#69727d;border:3px solid;background-color:transparent}.elementor-widget-text-editor:not(.elementor-drop-cap-view-default) .elementor-drop-cap{margin-top:8px}.elementor-widget-text-editor:not(.elementor-drop-cap-view-default) .elementor-drop-cap-letter{width:1em;height:1em}.elementor-widget-text-editor .elementor-drop-cap{float:left;text-align:center;line-height:1;font-size:50px}.elementor-widget-text-editor .elementor-drop-cap-letter{display:inline-block}<\/style>\t\t\t\t<!-- wp:paragraph -->\n<p><strong>Puerto Vallarta<\/strong>, con su encanto colonial, playas paradis\u00edacas y vibrante vida cultural, sigue posicion\u00e1ndose como uno de los destinos favoritos de M\u00e9xico para turistas nacionales e internacionales. En 2025, el auge de las <strong>rentas vacacionales<\/strong> est\u00e1 no solo redefiniendo la experiencia de los visitantes, sino tambi\u00e9n transformando el panorama inmobiliario de la regi\u00f3n. Este fen\u00f3meno representa una oportunidad \u00fanica para inversionistas que buscan maximizar rendimientos en un mercado en expansi\u00f3n.<\/p>\n<!-- \/wp:paragraph -->\t\t\t\t\t\t<\/div>\n\t\t\t\t<\/div>\n\t\t\t\t<div class=\"elementor-element elementor-element-dc2b572 elementor-widget elementor-widget-text-editor\" data-id=\"dc2b572\" data-element_type=\"widget\" data-widget_type=\"text-editor.default\">\n\t\t\t\t<div class=\"elementor-widget-container\">\n\t\t\t\t\t\t\t<!-- wp:paragraph -->\n<h3><strong>El Boom de las Rentas Vacacionales<\/strong><\/h3>\n<p>El mercado de rentas vacacionales en Puerto Vallarta ha crecido exponencialmente en la \u00faltima d\u00e9cada, impulsado por plataformas como Airbnb y Vrbo. Esto ha cambiado la forma en que los turistas buscan alojamiento, prefiriendo propiedades privadas que ofrecen comodidad, exclusividad y una experiencia m\u00e1s aut\u00e9ntica.<\/p>\n<p><strong>Cifras clave:<\/strong><\/p>\n<ul>\n<li>La ocupaci\u00f3n promedio de rentas vacacionales se mantiene en un 80% durante temporadas altas.<\/li>\n<li>Las propiedades bien ubicadas pueden generar ingresos superiores a los de alquileres residenciales tradicionales.<\/li>\n<\/ul>\n<!-- \/wp:paragraph -->\t\t\t\t\t\t<\/div>\n\t\t\t\t<\/div>\n\t\t\t\t<div class=\"elementor-element elementor-element-07f590c elementor-widget elementor-widget-image\" data-id=\"07f590c\" data-element_type=\"widget\" data-widget_type=\"image.default\">\n\t\t\t\t<div class=\"elementor-widget-container\">\n\t\t\t<style>\/*! elementor - v3.23.0 - 05-08-2024 *\/\n.elementor-widget-image{text-align:center}.elementor-widget-image a{display:inline-block}.elementor-widget-image a img[src$=\".svg\"]{width:48px}.elementor-widget-image img{vertical-align:middle;display:inline-block}<\/style>\t\t\t\t\t\t\t\t\t\t<img fetchpriority=\"high\" decoding=\"async\" width=\"1024\" height=\"684\" src=\"https:\/\/blog.tulumfromskyrealtors.com\/wp-content\/uploads\/2025\/01\/Puerto-Vallarta-2025-Como-las-Rentas-Vacacionales-Estan-Transformando-el-Mercado-Inmobiliario-2-1024x684.jpg\" class=\"attachment-large size-large wp-image-7831\" alt=\"\" srcset=\"https:\/\/blog.tulumfromskyrealtors.com\/wp-content\/uploads\/2025\/01\/Puerto-Vallarta-2025-Como-las-Rentas-Vacacionales-Estan-Transformando-el-Mercado-Inmobiliario-2-1024x684.jpg 1024w, https:\/\/blog.tulumfromskyrealtors.com\/wp-content\/uploads\/2025\/01\/Puerto-Vallarta-2025-Como-las-Rentas-Vacacionales-Estan-Transformando-el-Mercado-Inmobiliario-2-300x200.jpg 300w, https:\/\/blog.tulumfromskyrealtors.com\/wp-content\/uploads\/2025\/01\/Puerto-Vallarta-2025-Como-las-Rentas-Vacacionales-Estan-Transformando-el-Mercado-Inmobiliario-2-768x513.jpg 768w, https:\/\/blog.tulumfromskyrealtors.com\/wp-content\/uploads\/2025\/01\/Puerto-Vallarta-2025-Como-las-Rentas-Vacacionales-Estan-Transformando-el-Mercado-Inmobiliario-2-1536x1026.jpg 1536w, https:\/\/blog.tulumfromskyrealtors.com\/wp-content\/uploads\/2025\/01\/Puerto-Vallarta-2025-Como-las-Rentas-Vacacionales-Estan-Transformando-el-Mercado-Inmobiliario-2-2048x1368.jpg 2048w, https:\/\/blog.tulumfromskyrealtors.com\/wp-content\/uploads\/2025\/01\/Puerto-Vallarta-2025-Como-las-Rentas-Vacacionales-Estan-Transformando-el-Mercado-Inmobiliario-2-18x12.jpg 18w\" sizes=\"(max-width: 1024px) 100vw, 1024px\" \/>\t\t\t\t\t\t\t\t\t\t\t\t\t<\/div>\n\t\t\t\t<\/div>\n\t\t\t\t<div class=\"elementor-element elementor-element-b95304f elementor-widget elementor-widget-text-editor\" data-id=\"b95304f\" data-element_type=\"widget\" data-widget_type=\"text-editor.default\">\n\t\t\t\t<div class=\"elementor-widget-container\">\n\t\t\t\t\t\t\t<!-- wp:paragraph -->\n<h3><strong>Zonas Clave para Rentas Vacacionales en 2025<\/strong><\/h3>\n<ol>\n<li><strong>Zona Rom\u00e1ntica<\/strong>: Popular entre turistas internacionales por su ambiente bohemio y proximidad a restaurantes y playas.<\/li>\n<li><strong>Marina Vallarta<\/strong>: Ideal para familias y viajeros de lujo, con acceso directo a yates y actividades mar\u00edtimas.<\/li>\n<li><strong>Conchas Chinas<\/strong>: Conocida como la &#8220;Beverly Hills de Puerto Vallarta&#8221;, ofrece propiedades de lujo con vistas espectaculares al oc\u00e9ano.<\/li>\n<\/ol>\n<p>Estas \u00e1reas, con alta demanda tur\u00edstica, garantizan un flujo constante de ingresos para los propietarios.<\/p>\n<!-- \/wp:paragraph -->\t\t\t\t\t\t<\/div>\n\t\t\t\t<\/div>\n\t\t\t\t<div class=\"elementor-element elementor-element-c7fdc34 elementor-widget elementor-widget-text-editor\" data-id=\"c7fdc34\" data-element_type=\"widget\" data-widget_type=\"text-editor.default\">\n\t\t\t\t<div class=\"elementor-widget-container\">\n\t\t\t\t\t\t\t<!-- wp:paragraph -->\n<h3><strong>Impacto en el Mercado Inmobiliario<\/strong><\/h3>\n<ol>\n<li>\n<p><strong>Alta Demanda de Propiedades en Preconstrucci\u00f3n<\/strong>: Los inversionistas est\u00e1n optando por adquirir propiedades en preventa debido a precios competitivos y el potencial de personalizaci\u00f3n.<\/p>\n<\/li>\n<li>\n<p><strong>Aumento de los Precios de las Propiedades<\/strong>: La popularidad de las rentas vacacionales ha incrementado la plusval\u00eda, especialmente en zonas estrat\u00e9gicas.<\/p>\n<\/li>\n<li>\n<p><strong>Nuevas Amenidades en los Desarrollos<\/strong>: Los proyectos inmobiliarios est\u00e1n adapt\u00e1ndose a esta tendencia, incluyendo caracter\u00edsticas como piscinas infinitas, terrazas con vistas al mar y espacios de coworking para n\u00f3madas digitales.<\/p>\n<\/li>\n<\/ol>\n<!-- \/wp:paragraph -->\t\t\t\t\t\t<\/div>\n\t\t\t\t<\/div>\n\t\t\t\t<div class=\"elementor-element elementor-element-5a4ea8a elementor-widget elementor-widget-image\" data-id=\"5a4ea8a\" data-element_type=\"widget\" data-widget_type=\"image.default\">\n\t\t\t\t<div class=\"elementor-widget-container\">\n\t\t\t\t\t\t\t\t\t\t\t\t\t<img decoding=\"async\" width=\"1024\" height=\"576\" src=\"https:\/\/blog.tulumfromskyrealtors.com\/wp-content\/uploads\/2025\/01\/Puerto-Vallarta-2025-Como-las-Rentas-Vacacionales-Estan-Transformando-el-Mercado-Inmobiliario-1-1024x576.jpg\" class=\"attachment-large size-large wp-image-7832\" alt=\"\" srcset=\"https:\/\/blog.tulumfromskyrealtors.com\/wp-content\/uploads\/2025\/01\/Puerto-Vallarta-2025-Como-las-Rentas-Vacacionales-Estan-Transformando-el-Mercado-Inmobiliario-1-1024x576.jpg 1024w, https:\/\/blog.tulumfromskyrealtors.com\/wp-content\/uploads\/2025\/01\/Puerto-Vallarta-2025-Como-las-Rentas-Vacacionales-Estan-Transformando-el-Mercado-Inmobiliario-1-300x169.jpg 300w, https:\/\/blog.tulumfromskyrealtors.com\/wp-content\/uploads\/2025\/01\/Puerto-Vallarta-2025-Como-las-Rentas-Vacacionales-Estan-Transformando-el-Mercado-Inmobiliario-1-768x432.jpg 768w, https:\/\/blog.tulumfromskyrealtors.com\/wp-content\/uploads\/2025\/01\/Puerto-Vallarta-2025-Como-las-Rentas-Vacacionales-Estan-Transformando-el-Mercado-Inmobiliario-1-1536x864.jpg 1536w, https:\/\/blog.tulumfromskyrealtors.com\/wp-content\/uploads\/2025\/01\/Puerto-Vallarta-2025-Como-las-Rentas-Vacacionales-Estan-Transformando-el-Mercado-Inmobiliario-1-18x10.jpg 18w, https:\/\/blog.tulumfromskyrealtors.com\/wp-content\/uploads\/2025\/01\/Puerto-Vallarta-2025-Como-las-Rentas-Vacacionales-Estan-Transformando-el-Mercado-Inmobiliario-1.jpg 1920w\" sizes=\"(max-width: 1024px) 100vw, 1024px\" \/>\t\t\t\t\t\t\t\t\t\t\t\t\t<\/div>\n\t\t\t\t<\/div>\n\t\t\t\t<div class=\"elementor-element elementor-element-f36f57e elementor-widget elementor-widget-text-editor\" data-id=\"f36f57e\" data-element_type=\"widget\" data-widget_type=\"text-editor.default\">\n\t\t\t\t<div class=\"elementor-widget-container\">\n\t\t\t\t\t\t\t<!-- wp:paragraph -->\n<h3><strong>\u00bfPor Qu\u00e9 Invertir en Rentas Vacacionales en Puerto Vallarta?<\/strong><\/h3>\n<ul>\n<li><strong>Retorno de Inversi\u00f3n Alto<\/strong>: Una propiedad bien gestionada puede generar ingresos significativos durante todo el a\u00f1o, gracias a la afluencia constante de turistas.<\/li>\n<li><strong>Diversificaci\u00f3n de Ingresos<\/strong>: Ideal para quienes buscan un ingreso pasivo y estabilidad financiera.<\/li>\n<li><strong>Mercado Resiliente<\/strong>: La reputaci\u00f3n de Puerto Vallarta como destino tur\u00edstico garantiza una demanda sostenida incluso en \u00e9pocas de incertidumbre econ\u00f3mica.<\/li>\n<\/ul>\n<!-- \/wp:paragraph -->\t\t\t\t\t\t<\/div>\n\t\t\t\t<\/div>\n\t\t\t\t<div class=\"elementor-element elementor-element-9ba0768 elementor-widget elementor-widget-text-editor\" data-id=\"9ba0768\" data-element_type=\"widget\" data-widget_type=\"text-editor.default\">\n\t\t\t\t<div class=\"elementor-widget-container\">\n\t\t\t\t\t\t\t<!-- wp:paragraph -->\n<h3><strong>Tendencias para 2025<\/strong><\/h3>\n<ol>\n<li>\n<p><strong>Mayor Profesionalizaci\u00f3n<\/strong>: Los propietarios est\u00e1n recurriendo a empresas de gesti\u00f3n profesional para optimizar sus ingresos y ofrecer servicios de calidad a los hu\u00e9spedes.<\/p>\n<\/li>\n<li>\n<p><strong>Demanda por Sostenibilidad<\/strong>: Los viajeros valoran cada vez m\u00e1s las propiedades eco-friendly, lo que impulsa desarrollos sustentables en la regi\u00f3n.<\/p>\n<\/li>\n<li>\n<p><strong>Inversionistas Internacionales<\/strong>: La llegada de compradores extranjeros seguir\u00e1 aumentando, atra\u00eddos por la estabilidad del mercado mexicano y el atractivo tur\u00edstico de la zona.<\/p>\n<\/li>\n<\/ol>\n<!-- \/wp:paragraph -->\t\t\t\t\t\t<\/div>\n\t\t\t\t<\/div>\n\t\t\t\t<div class=\"elementor-element elementor-element-67b4ac2 elementor-widget elementor-widget-image\" data-id=\"67b4ac2\" data-element_type=\"widget\" data-widget_type=\"image.default\">\n\t\t\t\t<div class=\"elementor-widget-container\">\n\t\t\t\t\t\t\t\t\t\t\t\t\t<img decoding=\"async\" width=\"1024\" height=\"702\" src=\"https:\/\/blog.tulumfromskyrealtors.com\/wp-content\/uploads\/2025\/01\/Puerto-Vallarta-2025-Como-las-Rentas-Vacacionales-Estan-Transformando-el-Mercado-Inmobiliario-1-1024x702.jpeg\" class=\"attachment-large size-large wp-image-7829\" alt=\"\" srcset=\"https:\/\/blog.tulumfromskyrealtors.com\/wp-content\/uploads\/2025\/01\/Puerto-Vallarta-2025-Como-las-Rentas-Vacacionales-Estan-Transformando-el-Mercado-Inmobiliario-1-1024x702.jpeg 1024w, https:\/\/blog.tulumfromskyrealtors.com\/wp-content\/uploads\/2025\/01\/Puerto-Vallarta-2025-Como-las-Rentas-Vacacionales-Estan-Transformando-el-Mercado-Inmobiliario-1-300x206.jpeg 300w, https:\/\/blog.tulumfromskyrealtors.com\/wp-content\/uploads\/2025\/01\/Puerto-Vallarta-2025-Como-las-Rentas-Vacacionales-Estan-Transformando-el-Mercado-Inmobiliario-1-768x527.jpeg 768w, https:\/\/blog.tulumfromskyrealtors.com\/wp-content\/uploads\/2025\/01\/Puerto-Vallarta-2025-Como-las-Rentas-Vacacionales-Estan-Transformando-el-Mercado-Inmobiliario-1-1536x1054.jpeg 1536w, https:\/\/blog.tulumfromskyrealtors.com\/wp-content\/uploads\/2025\/01\/Puerto-Vallarta-2025-Como-las-Rentas-Vacacionales-Estan-Transformando-el-Mercado-Inmobiliario-1-18x12.jpeg 18w, https:\/\/blog.tulumfromskyrealtors.com\/wp-content\/uploads\/2025\/01\/Puerto-Vallarta-2025-Como-las-Rentas-Vacacionales-Estan-Transformando-el-Mercado-Inmobiliario-1.jpeg 1920w\" sizes=\"(max-width: 1024px) 100vw, 1024px\" \/>\t\t\t\t\t\t\t\t\t\t\t\t\t<\/div>\n\t\t\t\t<\/div>\n\t\t\t\t<div class=\"elementor-element elementor-element-264bc49 elementor-widget elementor-widget-text-editor\" data-id=\"264bc49\" data-element_type=\"widget\" data-widget_type=\"text-editor.default\">\n\t\t\t\t<div class=\"elementor-widget-container\">\n\t\t\t\t\t\t\t<!-- wp:paragraph -->\n<h3><strong>Conclusi\u00f3n: Puerto Vallarta, el Epicentro de las Rentas Vacacionales<\/strong><\/h3>\n<p>Las rentas vacacionales est\u00e1n transformando el mercado inmobiliario de Puerto Vallarta, convirti\u00e9ndolo en un destino de inversi\u00f3n imprescindible para 2025. La combinaci\u00f3n de alta demanda tur\u00edstica, creciente plusval\u00eda y un mercado inmobiliario en constante evoluci\u00f3n hace de este lugar un <strong>punto estrat\u00e9gico para quienes buscan maximizar rendimientos<\/strong>.<\/p>\n<p><strong>El momento de invertir es ahora.<\/strong> No solo asegurar\u00e1s un ingreso estable, sino tambi\u00e9n formar\u00e1s parte del crecimiento de uno de los destinos m\u00e1s vibrantes de M\u00e9xico.<\/p>\n<!-- \/wp:paragraph -->\t\t\t\t\t\t<\/div>\n\t\t\t\t<\/div>\n\t\t\t\t<div class=\"elementor-element elementor-element-4670 bdt-ss-btns-view-icon-text bdt-ss-btns-style-flat bdt-ss-btns-shape-square bdt-ss-btns-color-original elementor-widget elementor-widget-global elementor-global-4670 elementor-widget-bdt-social-share\" data-id=\"4670\" data-element_type=\"widget\" data-widget_type=\"bdt-social-share.default\">\n\t\t\t\t<div class=\"elementor-widget-container\">\n\t\t\t\t\t<div class=\"bdt-social-share bdt-ep-grid\">\n\t\t\t\t\t\t\t<div class=\"bdt-social-share-item bdt-ep-grid-item\">\n\t\t\t\t\t<div class=\"bdt-ss-btn bdt-ss-whatsapp\" data-social=\"whatsapp\">\n\t\t\t\t\t\t\t\t\t\t\t\t\t<span class=\"bdt-ss-icon\">\n\t\t\t\t\t\t\t\t<i class=\"ep-icon-whatsapp\"><\/i>\n\t\t\t\t\t\t\t<\/span>\n\t\t\t\t\t\t\t\t\t\t\t\t\t\t\t\t\t\t\t<div class=\"bdt-social-share-text bdt-inline\">\n\t\t\t\t\t\t\t\t\t\t\t\t\t\t\t\t\t<span class=\"bdt-social-share-title\">\n\t\t\t\t\t\t\t\t\t\tWhatsApp\t\t\t\t\t\t\t\t\t<\/span>\n\t\t\t\t\t\t\t\t\t\t\t\t\t\t\t\t\t\t\t\t\t\t\t<\/div>\n\t\t\t\t\t\t\t\t\t\t\t<\/div>\n\t\t\t\t<\/div>\n\t\t\t\t\t\t\t\t<div class=\"bdt-social-share-item bdt-ep-grid-item\">\n\t\t\t\t\t<div class=\"bdt-ss-btn bdt-ss-facebook\" data-social=\"facebook\">\n\t\t\t\t\t\t\t\t\t\t\t\t\t<span class=\"bdt-ss-icon\">\n\t\t\t\t\t\t\t\t<i class=\"ep-icon-facebook\"><\/i>\n\t\t\t\t\t\t\t<\/span>\n\t\t\t\t\t\t\t\t\t\t\t\t\t\t\t\t\t\t\t<div class=\"bdt-social-share-text bdt-inline\">\n\t\t\t\t\t\t\t\t\t\t\t\t\t\t\t\t\t<span class=\"bdt-social-share-title\">\n\t\t\t\t\t\t\t\t\t\tFacebook\t\t\t\t\t\t\t\t\t<\/span>\n\t\t\t\t\t\t\t\t\t\t\t\t\t\t\t\t\t\t\t\t\t\t\t<\/div>\n\t\t\t\t\t\t\t\t\t\t\t<\/div>\n\t\t\t\t<\/div>\n\t\t\t\t\t\t\t\t<div class=\"bdt-social-share-item bdt-ep-grid-item\">\n\t\t\t\t\t<div class=\"bdt-ss-btn bdt-ss-linkedin\" data-social=\"linkedin\">\n\t\t\t\t\t\t\t\t\t\t\t\t\t<span class=\"bdt-ss-icon\">\n\t\t\t\t\t\t\t\t<i class=\"ep-icon-linkedin\"><\/i>\n\t\t\t\t\t\t\t<\/span>\n\t\t\t\t\t\t\t\t\t\t\t\t\t\t\t\t\t\t\t<div class=\"bdt-social-share-text bdt-inline\">\n\t\t\t\t\t\t\t\t\t\t\t\t\t\t\t\t\t<span class=\"bdt-social-share-title\">\n\t\t\t\t\t\t\t\t\t\tLinkedin\t\t\t\t\t\t\t\t\t<\/span>\n\t\t\t\t\t\t\t\t\t\t\t\t\t\t\t\t\t\t\t\t\t\t\t<\/div>\n\t\t\t\t\t\t\t\t\t\t\t<\/div>\n\t\t\t\t<\/div>\n\t\t\t\t\t\t\t\t<div class=\"bdt-social-share-item bdt-ep-grid-item\">\n\t\t\t\t\t<div class=\"bdt-ss-btn bdt-ss-twitter\" data-social=\"twitter\">\n\t\t\t\t\t\t\t\t\t\t\t\t\t<span class=\"bdt-ss-icon\">\n\t\t\t\t\t\t\t\t<i class=\"ep-icon-twitter\"><\/i>\n\t\t\t\t\t\t\t<\/span>\n\t\t\t\t\t\t\t\t\t\t\t\t\t\t\t\t\t\t\t<div class=\"bdt-social-share-text bdt-inline\">\n\t\t\t\t\t\t\t\t\t\t\t\t\t\t\t\t\t<span class=\"bdt-social-share-title\">\n\t\t\t\t\t\t\t\t\t\tTwitter\t\t\t\t\t\t\t\t\t<\/span>\n\t\t\t\t\t\t\t\t\t\t\t\t\t\t\t\t\t\t\t\t\t\t\t<\/div>\n\t\t\t\t\t\t\t\t\t\t\t<\/div>\n\t\t\t\t<\/div>\n\t\t\t\t\t\t<\/div>\n\n\t\t\n\t\t\t\t<\/div>\n\t\t\t\t<\/div>\n\t\t\t\t\t<\/div>\n\t\t<\/div>\n\t\t\t\t\t<\/div>\n\t\t<\/section>\n\t\t\t\t<\/div>","protected":false},"excerpt":{"rendered":"<p>Puerto Vallarta, con su encanto colonial, playas paradis\u00edacas y vibrante vida cultural, sigue posicion\u00e1ndose como uno de los destinos favoritos de M\u00e9xico para turistas nacionales e internacionales. En 2025, el auge de las rentas vacacionales est\u00e1 no solo redefiniendo la experiencia de los visitantes, sino tambi\u00e9n transformando el panorama inmobiliario de la regi\u00f3n. Este fen\u00f3meno [&hellip;]<\/p>","protected":false},"author":2,"featured_media":7830,"comment_status":"open","ping_status":"open","sticky":false,"template":"","format":"standard","meta":{"inline_featured_image":false,"site-sidebar-layout":"right-sidebar","site-content-layout":"","ast-site-content-layout":"default","site-content-style":"default","site-sidebar-style":"default","ast-global-header-display":"","ast-banner-title-visibility":"","ast-main-header-display":"","ast-hfb-above-header-display":"","ast-hfb-below-header-display":"","ast-hfb-mobile-header-display":"","site-post-title":"","ast-breadcrumbs-content":"","ast-featured-img":"","footer-sml-layout":"","theme-transparent-header-meta":"","adv-header-id-meta":"","stick-header-meta":"","header-above-stick-meta":"","header-main-stick-meta":"","header-below-stick-meta":"","astra-migrate-meta-layouts":"set","ast-page-background-enabled":"default","ast-page-background-meta":{"desktop":{"background-color":"var(--ast-global-color-4)","background-image":"","background-repeat":"repeat","background-position":"center center","background-size":"auto","background-attachment":"scroll","background-type":"","background-media":"","overlay-type":"","overlay-color":"","overlay-opacity":"","overlay-gradient":""},"tablet":{"background-color":"","background-image":"","background-repeat":"repeat","background-position":"center center","background-size":"auto","background-attachment":"scroll","background-type":"","background-media":"","overlay-type":"","overlay-color":"","overlay-opacity":"","overlay-gradient":""},"mobile":{"background-color":"","background-image":"","background-repeat":"repeat","background-position":"center center","background-size":"auto","background-attachment":"scroll","background-type":"","background-media":"","overlay-type":"","overlay-color":"","overlay-opacity":"","overlay-gradient":""}},"ast-content-background-meta":{"desktop":{"background-color":"var(--ast-global-color-5)","background-image":"","background-repeat":"repeat","background-position":"center center","background-size":"auto","background-attachment":"scroll","background-type":"","background-media":"","overlay-type":"","overlay-color":"","overlay-opacity":"","overlay-gradient":""},"tablet":{"background-color":"var(--ast-global-color-5)","background-image":"","background-repeat":"repeat","background-position":"center center","background-size":"auto","background-attachment":"scroll","background-type":"","background-media":"","overlay-type":"","overlay-color":"","overlay-opacity":"","overlay-gradient":""},"mobile":{"background-color":"var(--ast-global-color-5)","background-image":"","background-repeat":"repeat","background-position":"center center","background-size":"auto","background-attachment":"scroll","background-type":"","background-media":"","overlay-type":"","overlay-color":"","overlay-opacity":"","overlay-gradient":""}},"footnotes":""},"categories":[13],"tags":[],"class_list":["post-7823","post","type-post","status-publish","format-standard","has-post-thumbnail","hentry","category-vallarta"],"aioseo_notices":[],"featured_image_src":"https:\/\/blog.tulumfromskyrealtors.com\/wp-content\/uploads\/2025\/01\/Puerto-Vallarta-2025-Como-las-Rentas-Vacacionales-Estan-Transformando-el-Mercado-Inmobiliario-1.webp","categories_names":["Vallarta"],"comments_count":0,"_links":{"self":[{"href":"https:\/\/blog.tulumfromskyrealtors.com\/en\/wp-json\/wp\/v2\/posts\/7823","targetHints":{"allow":["GET"]}}],"collection":[{"href":"https:\/\/blog.tulumfromskyrealtors.com\/en\/wp-json\/wp\/v2\/posts"}],"about":[{"href":"https:\/\/blog.tulumfromskyrealtors.com\/en\/wp-json\/wp\/v2\/types\/post"}],"author":[{"embeddable":true,"href":"https:\/\/blog.tulumfromskyrealtors.com\/en\/wp-json\/wp\/v2\/users\/2"}],"replies":[{"embeddable":true,"href":"https:\/\/blog.tulumfromskyrealtors.com\/en\/wp-json\/wp\/v2\/comments?post=7823"}],"version-history":[{"count":7,"href":"https:\/\/blog.tulumfromskyrealtors.com\/en\/wp-json\/wp\/v2\/posts\/7823\/revisions"}],"predecessor-version":[{"id":7835,"href":"https:\/\/blog.tulumfromskyrealtors.com\/en\/wp-json\/wp\/v2\/posts\/7823\/revisions\/7835"}],"wp:featuredmedia":[{"embeddable":true,"href":"https:\/\/blog.tulumfromskyrealtors.com\/en\/wp-json\/wp\/v2\/media\/7830"}],"wp:attachment":[{"href":"https:\/\/blog.tulumfromskyrealtors.com\/en\/wp-json\/wp\/v2\/media?parent=7823"}],"wp:term":[{"taxonomy":"category","embeddable":true,"href":"https:\/\/blog.tulumfromskyrealtors.com\/en\/wp-json\/wp\/v2\/categories?post=7823"},{"taxonomy":"post_tag","embeddable":true,"href":"https:\/\/blog.tulumfromskyrealtors.com\/en\/wp-json\/wp\/v2\/tags?post=7823"}],"curies":[{"name":"wp","href":"https:\/\/api.w.org\/{rel}","templated":true}]}}