{"id":8094,"date":"2025-08-16T08:00:00","date_gmt":"2025-08-16T13:00:00","guid":{"rendered":"https:\/\/blog.tulumfromskyrealtors.com\/?p=8094"},"modified":"2025-08-11T10:28:16","modified_gmt":"2025-08-11T15:28:16","slug":"comunidad-internacional-en-vallarta-vivir-y-hacer-networking-en-el-paraiso","status":"publish","type":"post","link":"https:\/\/blog.tulumfromskyrealtors.com\/en\/comunidad-internacional-en-vallarta-vivir-y-hacer-networking-en-el-paraiso\/","title":{"rendered":"Comunidad internacional en Vallarta: vivir y hacer networking en el para\u00edso"},"content":{"rendered":"<div data-elementor-type=\"wp-post\" data-elementor-id=\"8094\" class=\"elementor elementor-8094\" data-elementor-post-type=\"post\">\n\t\t\t\t\t\t<section class=\"elementor-section elementor-top-section elementor-element elementor-element-19761c38 elementor-section-boxed elementor-section-height-default elementor-section-height-default\" data-id=\"19761c38\" data-element_type=\"section\">\n\t\t\t\t\t\t<div class=\"elementor-container elementor-column-gap-default\">\n\t\t\t\t\t<div class=\"elementor-column elementor-col-100 elementor-top-column elementor-element elementor-element-693e7d02\" data-id=\"693e7d02\" data-element_type=\"column\">\n\t\t\t<div class=\"elementor-widget-wrap elementor-element-populated\">\n\t\t\t\t\t\t<div class=\"elementor-element elementor-element-7b78287a elementor-widget elementor-widget-text-editor\" data-id=\"7b78287a\" data-element_type=\"widget\" data-widget_type=\"text-editor.default\">\n\t\t\t\t<div class=\"elementor-widget-container\">\n\t\t\t<style>\/*! elementor - v3.23.0 - 05-08-2024 *\/\n.elementor-widget-text-editor.elementor-drop-cap-view-stacked .elementor-drop-cap{background-color:#69727d;color:#fff}.elementor-widget-text-editor.elementor-drop-cap-view-framed .elementor-drop-cap{color:#69727d;border:3px solid;background-color:transparent}.elementor-widget-text-editor:not(.elementor-drop-cap-view-default) .elementor-drop-cap{margin-top:8px}.elementor-widget-text-editor:not(.elementor-drop-cap-view-default) .elementor-drop-cap-letter{width:1em;height:1em}.elementor-widget-text-editor .elementor-drop-cap{float:left;text-align:center;line-height:1;font-size:50px}.elementor-widget-text-editor .elementor-drop-cap-letter{display:inline-block}<\/style>\t\t\t\t<p data-prosemirror-content-type=\"node\" data-prosemirror-node-name=\"paragraph\" data-prosemirror-node-block=\"true\" data-pm-slice=\"1 1 []\">Puerto Vallarta no solo es un destino de playas espectaculares y atardeceres inolvidables. Tambi\u00e9n se ha convertido en un <strong data-prosemirror-content-type=\"mark\" data-prosemirror-mark-name=\"strong\">punto de encuentro para una vibrante comunidad internacional<\/strong>: emprendedores, jubilados, creativos, inversionistas y n\u00f3madas digitales de todo el mundo han elegido este rinc\u00f3n del Pac\u00edfico mexicano como su nuevo hogar.<\/p>\n<p><!-- \/wp:paragraph --><\/p>\t\t\t\t\t\t<\/div>\n\t\t\t\t<\/div>\n\t\t\t\t<div class=\"elementor-element elementor-element-07f590c elementor-widget elementor-widget-image\" data-id=\"07f590c\" data-element_type=\"widget\" data-widget_type=\"image.default\">\n\t\t\t\t<div class=\"elementor-widget-container\">\n\t\t\t<style>\/*! elementor - v3.23.0 - 05-08-2024 *\/\n.elementor-widget-image{text-align:center}.elementor-widget-image a{display:inline-block}.elementor-widget-image a img[src$=\".svg\"]{width:48px}.elementor-widget-image img{vertical-align:middle;display:inline-block}<\/style>\t\t\t\t\t\t\t\t\t\t<img fetchpriority=\"high\" decoding=\"async\" width=\"1080\" height=\"1350\" src=\"https:\/\/blog.tulumfromskyrealtors.com\/wp-content\/uploads\/2025\/08\/134.jpg\" class=\"attachment-full size-full wp-image-8100\" alt=\"\" srcset=\"https:\/\/blog.tulumfromskyrealtors.com\/wp-content\/uploads\/2025\/08\/134.jpg 1080w, https:\/\/blog.tulumfromskyrealtors.com\/wp-content\/uploads\/2025\/08\/134-240x300.jpg 240w, https:\/\/blog.tulumfromskyrealtors.com\/wp-content\/uploads\/2025\/08\/134-819x1024.jpg 819w, https:\/\/blog.tulumfromskyrealtors.com\/wp-content\/uploads\/2025\/08\/134-768x960.jpg 768w, https:\/\/blog.tulumfromskyrealtors.com\/wp-content\/uploads\/2025\/08\/134-10x12.jpg 10w\" sizes=\"(max-width: 1080px) 100vw, 1080px\" \/>\t\t\t\t\t\t\t\t\t\t\t\t\t<\/div>\n\t\t\t\t<\/div>\n\t\t\t\t<div class=\"elementor-element elementor-element-b95304f elementor-widget elementor-widget-text-editor\" data-id=\"b95304f\" data-element_type=\"widget\" data-widget_type=\"text-editor.default\">\n\t\t\t\t<div class=\"elementor-widget-container\">\n\t\t\t\t\t\t\t<h3 data-prosemirror-content-type=\"node\" data-prosemirror-node-name=\"heading\" data-prosemirror-node-block=\"true\" data-pm-slice=\"1 1 []\">Un estilo de vida global<\/h3>\n<p data-prosemirror-content-type=\"node\" data-prosemirror-node-name=\"paragraph\" data-prosemirror-node-block=\"true\">Canadienses, estadounidenses, europeos y sudamericanos han encontrado en Vallarta un lugar donde pueden disfrutar de la cultura mexicana sin renunciar a la comodidad, seguridad y servicios de primer nivel. Esto ha dado lugar a una comunidad diversa, activa y abierta al intercambio de ideas.<\/p>\n<p data-prosemirror-content-type=\"node\" data-prosemirror-node-name=\"paragraph\" data-prosemirror-node-block=\"true\">Desde caf\u00e9s con coworking en la Zona Rom\u00e1ntica hasta eventos de networking en Marina Vallarta, el ambiente es ideal para <strong data-prosemirror-content-type=\"mark\" data-prosemirror-mark-name=\"strong\">hacer conexiones valiosas mientras disfrutas del mar y la monta\u00f1a.<\/strong><\/p>\n<p><!-- \/wp:paragraph --><\/p>\t\t\t\t\t\t<\/div>\n\t\t\t\t<\/div>\n\t\t\t\t<div class=\"elementor-element elementor-element-35757bb elementor-widget elementor-widget-image\" data-id=\"35757bb\" data-element_type=\"widget\" data-widget_type=\"image.default\">\n\t\t\t\t<div class=\"elementor-widget-container\">\n\t\t\t\t\t\t\t\t\t\t\t\t\t<img decoding=\"async\" width=\"1080\" height=\"1350\" src=\"https:\/\/blog.tulumfromskyrealtors.com\/wp-content\/uploads\/2025\/08\/135.jpg\" class=\"attachment-full size-full wp-image-8101\" alt=\"\" srcset=\"https:\/\/blog.tulumfromskyrealtors.com\/wp-content\/uploads\/2025\/08\/135.jpg 1080w, https:\/\/blog.tulumfromskyrealtors.com\/wp-content\/uploads\/2025\/08\/135-240x300.jpg 240w, https:\/\/blog.tulumfromskyrealtors.com\/wp-content\/uploads\/2025\/08\/135-819x1024.jpg 819w, https:\/\/blog.tulumfromskyrealtors.com\/wp-content\/uploads\/2025\/08\/135-768x960.jpg 768w, https:\/\/blog.tulumfromskyrealtors.com\/wp-content\/uploads\/2025\/08\/135-10x12.jpg 10w\" sizes=\"(max-width: 1080px) 100vw, 1080px\" \/>\t\t\t\t\t\t\t\t\t\t\t\t\t<\/div>\n\t\t\t\t<\/div>\n\t\t\t\t<div class=\"elementor-element elementor-element-c7fdc34 elementor-widget elementor-widget-text-editor\" data-id=\"c7fdc34\" data-element_type=\"widget\" data-widget_type=\"text-editor.default\">\n\t\t\t\t<div class=\"elementor-widget-container\">\n\t\t\t\t\t\t\t<!-- wp:paragraph -->\n<h3 data-prosemirror-content-type=\"node\" data-prosemirror-node-name=\"heading\" data-prosemirror-node-block=\"true\" data-pm-slice=\"1 1 []\">Un para\u00edso para el networking<\/h3>\n<p data-prosemirror-content-type=\"node\" data-prosemirror-node-name=\"paragraph\" data-prosemirror-node-block=\"true\">El ecosistema emprendedor en Vallarta est\u00e1 creciendo. Existen meetups, talleres, ferias inmobiliarias, clubes sociales y eventos de bienestar donde puedes conocer personas con intereses similares. Adem\u00e1s, muchos desarrollos inmobiliarios est\u00e1n dise\u00f1ados pensando en este estilo de vida: con espacios comunes para trabajar, convivir y crear comunidad.<\/p>\n<!-- \/wp:paragraph -->\t\t\t\t\t\t<\/div>\n\t\t\t\t<\/div>\n\t\t\t\t<div class=\"elementor-element elementor-element-008852a elementor-widget elementor-widget-image\" data-id=\"008852a\" data-element_type=\"widget\" data-widget_type=\"image.default\">\n\t\t\t\t<div class=\"elementor-widget-container\">\n\t\t\t\t\t\t\t\t\t\t\t\t\t<img decoding=\"async\" width=\"1080\" height=\"1350\" src=\"https:\/\/blog.tulumfromskyrealtors.com\/wp-content\/uploads\/2025\/08\/131.jpg\" class=\"attachment-full size-full wp-image-8103\" alt=\"\" srcset=\"https:\/\/blog.tulumfromskyrealtors.com\/wp-content\/uploads\/2025\/08\/131.jpg 1080w, https:\/\/blog.tulumfromskyrealtors.com\/wp-content\/uploads\/2025\/08\/131-240x300.jpg 240w, https:\/\/blog.tulumfromskyrealtors.com\/wp-content\/uploads\/2025\/08\/131-819x1024.jpg 819w, https:\/\/blog.tulumfromskyrealtors.com\/wp-content\/uploads\/2025\/08\/131-768x960.jpg 768w, https:\/\/blog.tulumfromskyrealtors.com\/wp-content\/uploads\/2025\/08\/131-10x12.jpg 10w\" sizes=\"(max-width: 1080px) 100vw, 1080px\" \/>\t\t\t\t\t\t\t\t\t\t\t\t\t<\/div>\n\t\t\t\t<\/div>\n\t\t\t\t<div class=\"elementor-element elementor-element-6c1f69f elementor-widget elementor-widget-text-editor\" data-id=\"6c1f69f\" data-element_type=\"widget\" data-widget_type=\"text-editor.default\">\n\t\t\t\t<div class=\"elementor-widget-container\">\n\t\t\t\t\t\t\t<h3 data-prosemirror-content-type=\"node\" data-prosemirror-node-name=\"heading\" data-prosemirror-node-block=\"true\" data-pm-slice=\"1 1 []\">El beneficio extra<\/h3>\n<p data-prosemirror-content-type=\"node\" data-prosemirror-node-name=\"paragraph\" data-prosemirror-node-block=\"true\">Vivir en Puerto Vallarta no solo es una inversi\u00f3n emocional: es una inversi\u00f3n estrat\u00e9gica. Est\u00e1s rodeado de personas con mentalidad internacional, oportunidades de colaboraci\u00f3n, y un entorno que inspira. Porque aqu\u00ed, <strong data-prosemirror-content-type=\"mark\" data-prosemirror-mark-name=\"strong\">construir relaciones tambi\u00e9n es parte del estilo de vida.<\/strong><\/p>\n<p><!-- \/wp:paragraph --><\/p>\t\t\t\t\t\t<\/div>\n\t\t\t\t<\/div>\n\t\t\t\t<div class=\"elementor-element elementor-element-b0da8ed elementor-widget elementor-widget-image\" data-id=\"b0da8ed\" data-element_type=\"widget\" data-widget_type=\"image.default\">\n\t\t\t\t<div class=\"elementor-widget-container\">\n\t\t\t\t\t\t\t\t\t\t\t\t\t<img loading=\"lazy\" decoding=\"async\" width=\"1080\" height=\"1350\" src=\"https:\/\/blog.tulumfromskyrealtors.com\/wp-content\/uploads\/2025\/08\/132.jpg\" class=\"attachment-full size-full wp-image-8104\" alt=\"\" srcset=\"https:\/\/blog.tulumfromskyrealtors.com\/wp-content\/uploads\/2025\/08\/132.jpg 1080w, https:\/\/blog.tulumfromskyrealtors.com\/wp-content\/uploads\/2025\/08\/132-240x300.jpg 240w, https:\/\/blog.tulumfromskyrealtors.com\/wp-content\/uploads\/2025\/08\/132-819x1024.jpg 819w, https:\/\/blog.tulumfromskyrealtors.com\/wp-content\/uploads\/2025\/08\/132-768x960.jpg 768w, https:\/\/blog.tulumfromskyrealtors.com\/wp-content\/uploads\/2025\/08\/132-10x12.jpg 10w\" sizes=\"(max-width: 1080px) 100vw, 1080px\" \/>\t\t\t\t\t\t\t\t\t\t\t\t\t<\/div>\n\t\t\t\t<\/div>\n\t\t\t\t<div class=\"elementor-element elementor-element-4670 bdt-ss-btns-view-icon-text bdt-ss-btns-style-flat bdt-ss-btns-shape-square bdt-ss-btns-color-original elementor-widget elementor-widget-global elementor-global-4670 elementor-widget-bdt-social-share\" data-id=\"4670\" data-element_type=\"widget\" data-widget_type=\"bdt-social-share.default\">\n\t\t\t\t<div class=\"elementor-widget-container\">\n\t\t\t\t\t<div class=\"bdt-social-share bdt-ep-grid\">\n\t\t\t\t\t\t\t<div class=\"bdt-social-share-item bdt-ep-grid-item\">\n\t\t\t\t\t<div class=\"bdt-ss-btn bdt-ss-whatsapp\" data-social=\"whatsapp\">\n\t\t\t\t\t\t\t\t\t\t\t\t\t<span class=\"bdt-ss-icon\">\n\t\t\t\t\t\t\t\t<i class=\"ep-icon-whatsapp\"><\/i>\n\t\t\t\t\t\t\t<\/span>\n\t\t\t\t\t\t\t\t\t\t\t\t\t\t\t\t\t\t\t<div class=\"bdt-social-share-text bdt-inline\">\n\t\t\t\t\t\t\t\t\t\t\t\t\t\t\t\t\t<span class=\"bdt-social-share-title\">\n\t\t\t\t\t\t\t\t\t\tWhatsApp\t\t\t\t\t\t\t\t\t<\/span>\n\t\t\t\t\t\t\t\t\t\t\t\t\t\t\t\t\t\t\t\t\t\t\t<\/div>\n\t\t\t\t\t\t\t\t\t\t\t<\/div>\n\t\t\t\t<\/div>\n\t\t\t\t\t\t\t\t<div class=\"bdt-social-share-item bdt-ep-grid-item\">\n\t\t\t\t\t<div class=\"bdt-ss-btn bdt-ss-facebook\" data-social=\"facebook\">\n\t\t\t\t\t\t\t\t\t\t\t\t\t<span class=\"bdt-ss-icon\">\n\t\t\t\t\t\t\t\t<i class=\"ep-icon-facebook\"><\/i>\n\t\t\t\t\t\t\t<\/span>\n\t\t\t\t\t\t\t\t\t\t\t\t\t\t\t\t\t\t\t<div class=\"bdt-social-share-text bdt-inline\">\n\t\t\t\t\t\t\t\t\t\t\t\t\t\t\t\t\t<span class=\"bdt-social-share-title\">\n\t\t\t\t\t\t\t\t\t\tFacebook\t\t\t\t\t\t\t\t\t<\/span>\n\t\t\t\t\t\t\t\t\t\t\t\t\t\t\t\t\t\t\t\t\t\t\t<\/div>\n\t\t\t\t\t\t\t\t\t\t\t<\/div>\n\t\t\t\t<\/div>\n\t\t\t\t\t\t\t\t<div class=\"bdt-social-share-item bdt-ep-grid-item\">\n\t\t\t\t\t<div class=\"bdt-ss-btn bdt-ss-linkedin\" data-social=\"linkedin\">\n\t\t\t\t\t\t\t\t\t\t\t\t\t<span class=\"bdt-ss-icon\">\n\t\t\t\t\t\t\t\t<i class=\"ep-icon-linkedin\"><\/i>\n\t\t\t\t\t\t\t<\/span>\n\t\t\t\t\t\t\t\t\t\t\t\t\t\t\t\t\t\t\t<div class=\"bdt-social-share-text bdt-inline\">\n\t\t\t\t\t\t\t\t\t\t\t\t\t\t\t\t\t<span class=\"bdt-social-share-title\">\n\t\t\t\t\t\t\t\t\t\tLinkedin\t\t\t\t\t\t\t\t\t<\/span>\n\t\t\t\t\t\t\t\t\t\t\t\t\t\t\t\t\t\t\t\t\t\t\t<\/div>\n\t\t\t\t\t\t\t\t\t\t\t<\/div>\n\t\t\t\t<\/div>\n\t\t\t\t\t\t\t\t<div class=\"bdt-social-share-item bdt-ep-grid-item\">\n\t\t\t\t\t<div class=\"bdt-ss-btn bdt-ss-twitter\" data-social=\"twitter\">\n\t\t\t\t\t\t\t\t\t\t\t\t\t<span class=\"bdt-ss-icon\">\n\t\t\t\t\t\t\t\t<i class=\"ep-icon-twitter\"><\/i>\n\t\t\t\t\t\t\t<\/span>\n\t\t\t\t\t\t\t\t\t\t\t\t\t\t\t\t\t\t\t<div class=\"bdt-social-share-text bdt-inline\">\n\t\t\t\t\t\t\t\t\t\t\t\t\t\t\t\t\t<span class=\"bdt-social-share-title\">\n\t\t\t\t\t\t\t\t\t\tTwitter\t\t\t\t\t\t\t\t\t<\/span>\n\t\t\t\t\t\t\t\t\t\t\t\t\t\t\t\t\t\t\t\t\t\t\t<\/div>\n\t\t\t\t\t\t\t\t\t\t\t<\/div>\n\t\t\t\t<\/div>\n\t\t\t\t\t\t<\/div>\n\n\t\t\n\t\t\t\t<\/div>\n\t\t\t\t<\/div>\n\t\t\t\t\t<\/div>\n\t\t<\/div>\n\t\t\t\t\t<\/div>\n\t\t<\/section>\n\t\t\t\t<\/div>","protected":false},"excerpt":{"rendered":"<p>Puerto Vallarta no solo es un destino de playas espectaculares y atardeceres inolvidables. Tambi\u00e9n se ha convertido en un punto de encuentro para una vibrante comunidad internacional: emprendedores, jubilados, creativos, inversionistas y n\u00f3madas digitales de todo el mundo han elegido este rinc\u00f3n del Pac\u00edfico mexicano como su nuevo hogar. Un estilo de vida global Canadienses, [&hellip;]<\/p>","protected":false},"author":2,"featured_media":8102,"comment_status":"open","ping_status":"open","sticky":false,"template":"","format":"standard","meta":{"inline_featured_image":false,"site-sidebar-layout":"right-sidebar","site-content-layout":"","ast-site-content-layout":"default","site-content-style":"default","site-sidebar-style":"default","ast-global-header-display":"","ast-banner-title-visibility":"","ast-main-header-display":"","ast-hfb-above-header-display":"","ast-hfb-below-header-display":"","ast-hfb-mobile-header-display":"","site-post-title":"","ast-breadcrumbs-content":"","ast-featured-img":"","footer-sml-layout":"","theme-transparent-header-meta":"","adv-header-id-meta":"","stick-header-meta":"","header-above-stick-meta":"","header-main-stick-meta":"","header-below-stick-meta":"","astra-migrate-meta-layouts":"set","ast-page-background-enabled":"default","ast-page-background-meta":{"desktop":{"background-color":"var(--ast-global-color-4)","background-image":"","background-repeat":"repeat","background-position":"center center","background-size":"auto","background-attachment":"scroll","background-type":"","background-media":"","overlay-type":"","overlay-color":"","overlay-opacity":"","overlay-gradient":""},"tablet":{"background-color":"","background-image":"","background-repeat":"repeat","background-position":"center center","background-size":"auto","background-attachment":"scroll","background-type":"","background-media":"","overlay-type":"","overlay-color":"","overlay-opacity":"","overlay-gradient":""},"mobile":{"background-color":"","background-image":"","background-repeat":"repeat","background-position":"center center","background-size":"auto","background-attachment":"scroll","background-type":"","background-media":"","overlay-type":"","overlay-color":"","overlay-opacity":"","overlay-gradient":""}},"ast-content-background-meta":{"desktop":{"background-color":"var(--ast-global-color-5)","background-image":"","background-repeat":"repeat","background-position":"center center","background-size":"auto","background-attachment":"scroll","background-type":"","background-media":"","overlay-type":"","overlay-color":"","overlay-opacity":"","overlay-gradient":""},"tablet":{"background-color":"var(--ast-global-color-5)","background-image":"","background-repeat":"repeat","background-position":"center center","background-size":"auto","background-attachment":"scroll","background-type":"","background-media":"","overlay-type":"","overlay-color":"","overlay-opacity":"","overlay-gradient":""},"mobile":{"background-color":"var(--ast-global-color-5)","background-image":"","background-repeat":"repeat","background-position":"center center","background-size":"auto","background-attachment":"scroll","background-type":"","background-media":"","overlay-type":"","overlay-color":"","overlay-opacity":"","overlay-gradient":""}},"footnotes":""},"categories":[13],"tags":[],"class_list":["post-8094","post","type-post","status-publish","format-standard","has-post-thumbnail","hentry","category-vallarta"],"aioseo_notices":[],"featured_image_src":"https:\/\/blog.tulumfromskyrealtors.com\/wp-content\/uploads\/2025\/08\/130.jpg","categories_names":["Vallarta"],"comments_count":0,"_links":{"self":[{"href":"https:\/\/blog.tulumfromskyrealtors.com\/en\/wp-json\/wp\/v2\/posts\/8094","targetHints":{"allow":["GET"]}}],"collection":[{"href":"https:\/\/blog.tulumfromskyrealtors.com\/en\/wp-json\/wp\/v2\/posts"}],"about":[{"href":"https:\/\/blog.tulumfromskyrealtors.com\/en\/wp-json\/wp\/v2\/types\/post"}],"author":[{"embeddable":true,"href":"https:\/\/blog.tulumfromskyrealtors.com\/en\/wp-json\/wp\/v2\/users\/2"}],"replies":[{"embeddable":true,"href":"https:\/\/blog.tulumfromskyrealtors.com\/en\/wp-json\/wp\/v2\/comments?post=8094"}],"version-history":[{"count":8,"href":"https:\/\/blog.tulumfromskyrealtors.com\/en\/wp-json\/wp\/v2\/posts\/8094\/revisions"}],"predecessor-version":[{"id":8108,"href":"https:\/\/blog.tulumfromskyrealtors.com\/en\/wp-json\/wp\/v2\/posts\/8094\/revisions\/8108"}],"wp:featuredmedia":[{"embeddable":true,"href":"https:\/\/blog.tulumfromskyrealtors.com\/en\/wp-json\/wp\/v2\/media\/8102"}],"wp:attachment":[{"href":"https:\/\/blog.tulumfromskyrealtors.com\/en\/wp-json\/wp\/v2\/media?parent=8094"}],"wp:term":[{"taxonomy":"category","embeddable":true,"href":"https:\/\/blog.tulumfromskyrealtors.com\/en\/wp-json\/wp\/v2\/categories?post=8094"},{"taxonomy":"post_tag","embeddable":true,"href":"https:\/\/blog.tulumfromskyrealtors.com\/en\/wp-json\/wp\/v2\/tags?post=8094"}],"curies":[{"name":"wp","href":"https:\/\/api.w.org\/{rel}","templated":true}]}}